{"id":8,"date":"2023-07-04T12:08:18","date_gmt":"2023-07-04T15:08:18","guid":{"rendered":"http:\/\/cafecolonia.com.br\/?p=8"},"modified":"2023-07-25T14:53:33","modified_gmt":"2023-07-25T17:53:33","slug":"descubra-a-magia-do-cafe-de-patos-de-minas-uma-experiencia-unica-e-saborosa","status":"publish","type":"post","link":"https:\/\/cafecolonia.com.br\/?p=8","title":{"rendered":"Descubra a magia do caf\u00e9 de Patos de Minas: uma experi\u00eancia \u00fanica e saborosa!"},"content":{"rendered":"<h2>Uma hist\u00f3ria escrita a cada x\u00edcara de caf\u00e9<\/h2>\n<p>Imagine-se em um cen\u00e1rio encantador, rodeado por planta\u00e7\u00f5es de caf\u00e9 cuidadosamente cultivadas com paix\u00e3o e dedica\u00e7\u00e3o. Acreditamos que cada x\u00edcara de caf\u00e9 pode contar uma hist\u00f3ria e \u00e9 exatamente isso que acontece em nossa fazenda em Patos de Minas, MG.<\/p>\n<p>Localizada em meio a paisagens deslumbrantes, nossa sede \u00e9 o lar de gr\u00e3os de caf\u00e9 excepcionais, que s\u00e3o colhidos com o cuidado e a aten\u00e7\u00e3o que garantem a qualidade e a pureza do sabor. Nossa miss\u00e3o \u00e9 trazer a voc\u00ea, nosso cliente, uma experi\u00eancia \u00fanica e saborosa, com cada gole desse n\u00e9ctar dos deuses.<\/p>\n<h2>O segredo por tr\u00e1s de um caf\u00e9 extraordin\u00e1rio<\/h2>\n<p>O segredo para o caf\u00e9 excepcional que oferecemos est\u00e1 enraizado na nossa paix\u00e3o pela agricultura de qualidade. Cada etapa do processo \u00e9 cuidadosamente supervisionada e executada com excel\u00eancia para garantir que cada gr\u00e3o seja colhido no seu ponto m\u00e1ximo de sabor e aroma.<\/p>\n<p>Desde a sele\u00e7\u00e3o das sementes at\u00e9 o cultivo nas nossas planta\u00e7\u00f5es, tudo \u00e9 feito com amor e dedica\u00e7\u00e3o. Nossos agricultores s\u00e3o verdadeiros especialistas, que conhecem os segredos do solo e do clima da regi\u00e3o, permitindo que eles criem um ambiente ideal para o crescimento desses gr\u00e3os divinos.<\/p>\n<h2>Uma experi\u00eancia inesquec\u00edvel em cada x\u00edcara<\/h2>\n<p>Quando voc\u00ea saboreia uma x\u00edcara de caf\u00e9 feito a partir dos nossos gr\u00e3os, est\u00e1 saboreando um peda\u00e7o da nossa hist\u00f3ria e tradi\u00e7\u00e3o. Cada gole \u00e9 uma experi\u00eancia sensorial \u00fanica, que desperta os sentidos e traz uma sensa\u00e7\u00e3o de prazer e satisfa\u00e7\u00e3o.<\/p>\n<p>Nosso caf\u00e9 \u00e9 cuidadosamente torrado e mo\u00eddo para garantir que voc\u00ea desfrute de todo o sabor e aroma que esses gr\u00e3os t\u00eam a oferecer. Cada x\u00edcara \u00e9 preparada com amor e aten\u00e7\u00e3o aos detalhes, para que voc\u00ea possa desfrutar de uma experi\u00eancia verdadeiramente excepcional.<\/p>\n<h2>Seja parte da nossa hist\u00f3ria<\/h2>\n<p>Estamos ansiosos para compartilhar a nossa hist\u00f3ria com voc\u00ea. Convidamos voc\u00ea a experimentar o caf\u00e9 de Patos de Minas e descobrir por si mesmo a magia que est\u00e1 em cada x\u00edcara. Junte-se a n\u00f3s nessa jornada e torne-se parte da nossa hist\u00f3ria.<\/p>\n","protected":false},"excerpt":{"rendered":"<p>Uma hist\u00f3ria escrita a cada x\u00edcara de caf\u00e9 Imagine-se em um cen\u00e1rio encantador, rodeado por planta\u00e7\u00f5es de caf\u00e9 cuidadosamente cultivadas com paix\u00e3o e dedica\u00e7\u00e3o. Acreditamos que cada x\u00edcara de caf\u00e9 pode contar uma hist\u00f3ria e \u00e9 exatamente isso que acontece em nossa fazenda em Patos de Minas, MG. Localizada em meio a paisagens deslumbrantes, nossa &hellip;<\/p>\n<p class=\"read-more\"> <a class=\"\" href=\"https:\/\/cafecolonia.com.br\/?p=8\"> <span class=\"screen-reader-text\">Descubra a magia do caf\u00e9 de Patos de Minas: uma experi\u00eancia \u00fanica e saborosa!<\/span> Read More &raquo;<\/a><\/p>\n","protected":false},"author":1,"featured_media":0,"comment_status":"open","ping_status":"open","sticky":false,"template":"","format":"standard","meta":{"_uag_custom_page_level_css":"","site-sidebar-layout":"default","site-content-layout":"default","ast-global-header-display":"","ast-banner-title-visibility":"","ast-main-header-display":"","ast-hfb-above-header-display":"","ast-hfb-below-header-display":"","ast-hfb-mobile-header-display":"","site-post-title":"","ast-breadcrumbs-content":"","ast-featured-img":"","footer-sml-layout":"","theme-transparent-header-meta":"","adv-header-id-meta":"","stick-header-meta":"","header-above-stick-meta":"","header-main-stick-meta":"","header-below-stick-meta":"","footnotes":"","_joinchat":[]},"categories":[1],"tags":[],"uagb_featured_image_src":{"full":false,"thumbnail":false,"medium":false,"medium_large":false,"large":false,"1536x1536":false,"2048x2048":false},"uagb_author_info":{"display_name":"cafecolonia.com.br","author_link":"https:\/\/cafecolonia.com.br\/?author=1"},"uagb_comment_info":0,"uagb_excerpt":"Uma hist\u00f3ria escrita a cada x\u00edcara de caf\u00e9 Imagine-se em um cen\u00e1rio encantador, rodeado por planta\u00e7\u00f5es de caf\u00e9 cuidadosamente cultivadas com paix\u00e3o e dedica\u00e7\u00e3o. Acreditamos que cada x\u00edcara de caf\u00e9 pode contar uma hist\u00f3ria e \u00e9 exatamente isso que acontece em nossa fazenda em Patos de Minas, MG. Localizada em meio a paisagens deslumbrantes, nossa&hellip;","_links":{"self":[{"href":"https:\/\/cafecolonia.com.br\/index.php?rest_route=\/wp\/v2\/posts\/8"}],"collection":[{"href":"https:\/\/cafecolonia.com.br\/index.php?rest_route=\/wp\/v2\/posts"}],"about":[{"href":"https:\/\/cafecolonia.com.br\/index.php?rest_route=\/wp\/v2\/types\/post"}],"author":[{"embeddable":true,"href":"https:\/\/cafecolonia.com.br\/index.php?rest_route=\/wp\/v2\/users\/1"}],"replies":[{"embeddable":true,"href":"https:\/\/cafecolonia.com.br\/index.php?rest_route=%2Fwp%2Fv2%2Fcomments&post=8"}],"version-history":[{"count":1,"href":"https:\/\/cafecolonia.com.br\/index.php?rest_route=\/wp\/v2\/posts\/8\/revisions"}],"predecessor-version":[{"id":2713,"href":"https:\/\/cafecolonia.com.br\/index.php?rest_route=\/wp\/v2\/posts\/8\/revisions\/2713"}],"wp:attachment":[{"href":"https:\/\/cafecolonia.com.br\/index.php?rest_route=%2Fwp%2Fv2%2Fmedia&parent=8"}],"wp:term":[{"taxonomy":"category","embeddable":true,"href":"https:\/\/cafecolonia.com.br\/index.php?rest_route=%2Fwp%2Fv2%2Fcategories&post=8"},{"taxonomy":"post_tag","embeddable":true,"href":"https:\/\/cafecolonia.com.br\/index.php?rest_route=%2Fwp%2Fv2%2Ftags&post=8"}],"curies":[{"name":"wp","href":"https:\/\/api.w.org\/{rel}","templated":true}]}}